{"id":10839,"__str__":"Parecer da Comiss\u00e3o de Reda\u00e7\u00e3o e Aut\u00f3grafo n\u00ba 62 de 2022","link_detail_backend":"/materia/10839","metadata":{},"numero":62,"ano":2022,"numero_protocolo":null,"data_apresentacao":"2022-12-01","tipo_apresentacao":"E","data_publicacao":null,"numero_origem_externa":"","ano_origem_externa":null,"data_origem_externa":null,"apelido":"","dias_prazo":null,"data_fim_prazo":null,"em_tramitacao":false,"polemica":false,"objeto":"","complementar":false,"ementa":"PARECER DA COMISS\u00c3O DE REDA\u00c7\u00c3O E AUT\u00d3GRAFO AO PROJETO DE LEI COMPLEMENTAR N\u00ba 021-E-2022.","indexacao":"","observacao":"","resultado":"","texto_original":"http://sapl.conselheirolafaiete.mg.leg.br/media/sapl/public/materialegislativa/2022/10839/parecer_da_c._redacao_e_autografo_ao_plc_021-e-2022.pdf","data_ultima_atualizacao":"2022-12-20T17:38:57.133152-03:00","ip":"200.165.142.130","ultima_edicao":"2022-12-02T08:06:33.774572-03:00","tipo":25,"regime_tramitacao":1,"tipo_origem_externa":null,"local_origem_externa":null,"user":76,"anexadas":[],"autores":[33]}