{"id":11149,"__str__":"Requerimento n\u00ba 24 de 2023","link_detail_backend":"/materia/11149","metadata":{},"numero":24,"ano":2023,"numero_protocolo":null,"data_apresentacao":"2023-02-07","tipo_apresentacao":"E","data_publicacao":null,"numero_origem_externa":"","ano_origem_externa":null,"data_origem_externa":null,"apelido":"","dias_prazo":null,"data_fim_prazo":null,"em_tramitacao":false,"polemica":false,"objeto":"","complementar":false,"ementa":"O vereador infra-assinado, nos termos do art. 196, inciso X, do Regimento Interno, requer, ouvida a Casa, que V. Exa., encaminhe expediente ao Prefeito Municipal solicitando informa\u00e7\u00f5es sobre a Lei Municipal 5.985/19.\r\nA Lei Municipal 5.985/19 \"Determina que, no \u00e2mbito do Munic\u00edpio de Conselheiro Lafaiete, os estabelecimentos p\u00fablicos e privados insiram nas placas de atendimento priorit\u00e1rio pessoas portadoras de doen\u00e7as graves, e d\u00e1 outras provid\u00eancias.\"\r\nCumprindo o papel que nos foi incumbido pela popula\u00e7\u00e3o Conselheiro Lafaiete e, na prerrogativa funcional de fiscaliza\u00e7\u00e3o dos atos do Poder Executivo, questionamos:\r\nTodos os estabelecimentos privados disp\u00f5em de placas a que alude a Lei?\r\nSe n\u00e3o, quais estabelecimentos privados n\u00e3o possuem?\r\nConsiderando o Art. 50 da Lei, quais medidas foram tomadas? \r\nFavor enviar documento comprobat\u00f3rios.","indexacao":"","observacao":"","resultado":"","texto_original":"http://sapl.conselheirolafaiete.mg.leg.br/media/sapl/public/materialegislativa/2023/11149/requerimento_0242023.pdf","data_ultima_atualizacao":"2023-05-31T07:08:03.023822-03:00","ip":"200.165.142.130","ultima_edicao":"2023-02-02T10:24:52.810243-03:00","tipo":3,"regime_tramitacao":1,"tipo_origem_externa":null,"local_origem_externa":null,"user":78,"anexadas":[12612],"autores":[37]}