{"id":11979,"__str__":"Of\u00edcio n\u00ba 49 de 2023","link_detail_backend":"/materia/11979","metadata":{},"numero":49,"ano":2023,"numero_protocolo":null,"data_apresentacao":"2023-04-13","tipo_apresentacao":"E","data_publicacao":null,"numero_origem_externa":"","ano_origem_externa":null,"data_origem_externa":null,"apelido":"","dias_prazo":null,"data_fim_prazo":null,"em_tramitacao":true,"polemica":false,"objeto":"","complementar":false,"ementa":"OF\u00cdCIO DO CONSELHO MUNICIPAL DE EDUCA\u00c7\u00c3O \u2013 CME PARA A COMISS\u00c3O DE EDUCA\u00c7\u00c3O, ESPORTE, CULTURA, PATRIM\u00d4NIO HIST\u00d3RICO E TURISMO  SOBRE O PARECER CMECL 009-23 \u2013 PROCESSO: ADEQUA\u00c7\u00c3O DAS MATRIZES CURRICULARES DO ENSINO FUNDAMENTAL II, BEM COMO DO TEMPO INTEGRAL; E RECOMENDA\u00c7\u00c3O CMECL 003-23 \u2013 RECOMENDA: ATUALIZA\u00c7\u00c3O DE CARGA HOR\u00c1RIA DOS CONT\u00c9UDOS OBRIGAT\u00d3RIOS DE HIST\u00d3RIA E GEOGRAFIA DO ENSINO FUNDAMENTAL II.","indexacao":"","observacao":"","resultado":"","texto_original":"http://sapl.conselheirolafaiete.mg.leg.br/media/sapl/public/materialegislativa/2023/11979/oficio_do_cme_para_a_comissao_de_educacao_sobre_o_parecer_cmecl_009-23_e_recomendacao_cmecl_003-23.pdf","data_ultima_atualizacao":"2023-04-14T08:14:37.822710-03:00","ip":"200.165.142.130","ultima_edicao":"2023-04-13T17:29:38.661864-03:00","tipo":27,"regime_tramitacao":1,"tipo_origem_externa":null,"local_origem_externa":null,"user":87,"anexadas":[13694],"autores":[59]}