{"id":11992,"__str__":"Parecer n\u00ba 231 de 2023","link_detail_backend":"/materia/11992","metadata":{},"numero":231,"ano":2023,"numero_protocolo":null,"data_apresentacao":"2023-04-13","tipo_apresentacao":"","data_publicacao":null,"numero_origem_externa":"","ano_origem_externa":null,"data_origem_externa":null,"apelido":"","dias_prazo":null,"data_fim_prazo":null,"em_tramitacao":false,"polemica":false,"objeto":"","complementar":false,"ementa":"PARECER DA COMISS\u00c3O DE LEGISLA\u00c7\u00c3O E JUSTI\u00c7A AO PROJETO DE RESOLU\u00c7\u00c3O N\u00ba 005/2023 E COMUNICADO 103/2023","indexacao":"","observacao":"","resultado":"","texto_original":"http://sapl.conselheirolafaiete.mg.leg.br/media/sapl/public/materialegislativa/2023/11992/parecer_da_comissao_de_legislacao_e_justica_ao_pr_0052023_e_comunicado_1032023.pdf","data_ultima_atualizacao":"2023-05-12T08:05:53.128566-03:00","ip":"200.165.142.130","ultima_edicao":"2023-04-14T09:31:53.645312-03:00","tipo":11,"regime_tramitacao":1,"tipo_origem_externa":null,"local_origem_externa":null,"user":24,"anexadas":[],"autores":[33]}