{"id":19689,"__str__":"Indica\u00e7\u00e3o n\u00ba 696 de 2025","link_detail_backend":"/materia/19689","metadata":{},"numero":696,"ano":2025,"numero_protocolo":null,"data_apresentacao":"2025-02-26","tipo_apresentacao":"","data_publicacao":null,"numero_origem_externa":"","ano_origem_externa":null,"data_origem_externa":null,"apelido":"","dias_prazo":null,"data_fim_prazo":null,"em_tramitacao":false,"polemica":false,"objeto":"","complementar":false,"ementa":"NECESSIDADE DE DETERMINAR AO SETOR COMPETENTE, QUE PROCEDA COM O ESTUDO DE VIABILIDADE PAR\u00c1 A CRIA\u00c7\u00c3O DA DISCIPLINA DE L\u00d3GICA DE PROGRAMA\u00c7\u00c3O NAS ESCOLAS P\u00daBLICAS MUNICIPAIS, VISANDO A OPORTUNIDADE DE AMPLIA\u00c7\u00c3O DO RACIOC\u00cdNIO L\u00d3GICO E APROXIMA\u00c7\u00c3O DA TECNOLOGIA DE MANEIRA T\u00c9CNICA ENTRE OS MAIS JOVENS.","indexacao":"","observacao":"","resultado":"","texto_original":"http://sapl.conselheirolafaiete.mg.leg.br/media/sapl/public/materialegislativa/2025/19689/indicacao_6962025.pdf","data_ultima_atualizacao":"2025-01-22T16:29:54.444905-03:00","ip":"187.1.57.138","ultima_edicao":"2025-01-22T16:22:22.351825-03:00","tipo":8,"regime_tramitacao":1,"tipo_origem_externa":null,"local_origem_externa":null,"user":75,"anexadas":[],"autores":[153]}