{"id":19866,"__str__":"Requerimento n\u00ba 151 de 2025","link_detail_backend":"/materia/19866","metadata":{},"numero":151,"ano":2025,"numero_protocolo":null,"data_apresentacao":"2025-01-30","tipo_apresentacao":"","data_publicacao":null,"numero_origem_externa":"","ano_origem_externa":null,"data_origem_externa":null,"apelido":"","dias_prazo":null,"data_fim_prazo":null,"em_tramitacao":false,"polemica":false,"objeto":"","complementar":false,"ementa":"A Comiss\u00e3o de Educa\u00e7\u00e3o, Esporte, Cultura, Patrim\u00f4nio Hist\u00f3rico e Turismo, atrav\u00e9s de seus vereadores integrantes infra-assinados, nos termos do art. 88, VIII, e XIV, do Regimento Interno, ouvida a Casa, requer, com o devido acato, que Vossa Excel\u00eancia encaminhe expediente ao Conselho Municipal de Educa\u00e7\u00e3o, nos termos a seguir: Conforme den\u00fancia apresentada a esta Casa, n\u00b0 148/2023, sobreveio a suposta informa\u00e7\u00e3o de que os professores da rede municipal de Conselheiro Lafaiete estariam enfrentado dificuldades decorrentes da implanta\u00e7\u00e3o do novo curr\u00edculo escolar de Minas Gerais em 2021. \u00c0 \u00e9poca, supostamente, a Secretaria Municipal de Educa\u00e7\u00e3o (SEMED) n\u00e3o teria tomado as medidas necess\u00e1rias, resultando em uma redu\u00e7\u00e3o na carga hor\u00e1ria das disciplinas de Hist\u00f3ria e Geografia para os alunos do Ensino Fundamental 11(6\u00b0 ao 9\u00b0 ano).","indexacao":"","observacao":"","resultado":"","texto_original":"http://sapl.conselheirolafaiete.mg.leg.br/media/sapl/public/materialegislativa/2025/19866/requerimento_1512025.pdf","data_ultima_atualizacao":"2025-06-05T09:51:14.339346-03:00","ip":"187.1.57.138","ultima_edicao":"2025-01-29T12:52:32.513860-03:00","tipo":3,"regime_tramitacao":1,"tipo_origem_externa":null,"local_origem_externa":null,"user":75,"anexadas":[22084],"autores":[37,179,181]}