{"id":2375,"__str__":"Requerimento n\u00ba 134 de 2019","link_detail_backend":"/materia/2375","metadata":{},"numero":134,"ano":2019,"numero_protocolo":null,"data_apresentacao":"2019-08-06","tipo_apresentacao":"","data_publicacao":null,"numero_origem_externa":"","ano_origem_externa":null,"data_origem_externa":null,"apelido":"","dias_prazo":null,"data_fim_prazo":null,"em_tramitacao":true,"polemica":null,"objeto":"","complementar":null,"ementa":"O Vereador infra-assinado, na forma regimental, ouvida a Casa, requer de V. Ex.\u00aa que seja encaminhado expediente para o SECRETARIO DE ESTADO DE SA\u00daDE e ao TRIBUNAL DE CONTAS DO ESTADO DE MINAS GERAIS solicitando que informem se foi conclu\u00edda a Tomada de Contas Especial instaurada por meio de Resolu\u00e7\u00e3o SES/MG n\u00ba 5.099, de 29 de dezembro de 2015, referente ao conv\u00eanio SES n\u00ba 456/2009 celebrado com o Cons\u00f3rcio Intermunicipal de Sa\u00fade do Alto Paraopeba, considerando a resposta ao Requerimento n\u00ba 010/2019 desta Casa, a qual consigna que o prazo para conclus\u00e3o da mesma se encerraria em 18/07/2019.","indexacao":"","observacao":"","resultado":"","texto_original":"http://sapl.conselheirolafaiete.mg.leg.br/media/sapl/public/materialegislativa/2019/2375/requerimento_no_1342019.doc","data_ultima_atualizacao":"2021-12-15T17:32:27.044290-03:00","ip":"200.165.142.130","ultima_edicao":null,"tipo":3,"regime_tramitacao":1,"tipo_origem_externa":null,"local_origem_externa":null,"user":24,"anexadas":[7578],"autores":[14]}