{"id":4901,"__str__":"Parecer da Comiss\u00e3o de Reda\u00e7\u00e3o e Aut\u00f3grafo n\u00ba 1 de 2021","link_detail_backend":"/materia/4901","metadata":{},"numero":1,"ano":2021,"numero_protocolo":null,"data_apresentacao":"2021-02-25","tipo_apresentacao":"E","data_publicacao":null,"numero_origem_externa":"","ano_origem_externa":null,"data_origem_externa":null,"apelido":"","dias_prazo":null,"data_fim_prazo":null,"em_tramitacao":false,"polemica":false,"objeto":"","complementar":false,"ementa":"PARECER DA COMISS\u00c3O DE REDA\u00c7\u00c3O E AUT\u00d3GRAFO AO PROJETO DE LEI N\u00ba 039-E-2020.","indexacao":"","observacao":"","resultado":"","texto_original":"http://sapl.conselheirolafaiete.mg.leg.br/media/sapl/public/materialegislativa/2021/4901/parecer_da_comissao_de_redacao_e_autografo_do_pl_039-e-2020.pdf","data_ultima_atualizacao":"2021-02-25T18:58:23.033884-03:00","ip":"200.165.142.130","ultima_edicao":"2021-02-25T18:56:48.803613-03:00","tipo":25,"regime_tramitacao":1,"tipo_origem_externa":null,"local_origem_externa":null,"user":77,"anexadas":[4183],"autores":[33]}