{"id":5342,"__str__":"Parecer da Comiss\u00e3o de Reda\u00e7\u00e3o e Aut\u00f3grafo n\u00ba 6 de 2021","link_detail_backend":"/materia/5342","metadata":{},"numero":6,"ano":2021,"numero_protocolo":null,"data_apresentacao":"2021-03-30","tipo_apresentacao":"E","data_publicacao":null,"numero_origem_externa":"","ano_origem_externa":null,"data_origem_externa":null,"apelido":"","dias_prazo":null,"data_fim_prazo":null,"em_tramitacao":false,"polemica":false,"objeto":"","complementar":false,"ementa":"PARECER DA COMISS\u00c3O DE REDA\u00c7\u00c3O E AUT\u00d3GRAFO AO PROJETO DE LEI N\u00ba 019/2021.","indexacao":"","observacao":"","resultado":"","texto_original":"http://sapl.conselheirolafaiete.mg.leg.br/media/sapl/public/materialegislativa/2021/5342/parecer_da_c._redacao_e_autografo_ao_pl_0192021.pdf","data_ultima_atualizacao":"2022-01-18T12:15:30.123466-03:00","ip":"200.165.142.130","ultima_edicao":"2021-04-05T10:02:42.597575-03:00","tipo":25,"regime_tramitacao":1,"tipo_origem_externa":null,"local_origem_externa":null,"user":76,"anexadas":[],"autores":[33]}