{"id":6752,"__str__":"Correspond\u00eancia n\u00ba 32 de 2021","link_detail_backend":"/materia/6752","metadata":{},"numero":32,"ano":2021,"numero_protocolo":null,"data_apresentacao":"2021-09-21","tipo_apresentacao":"E","data_publicacao":null,"numero_origem_externa":"","ano_origem_externa":null,"data_origem_externa":null,"apelido":"","dias_prazo":null,"data_fim_prazo":null,"em_tramitacao":true,"polemica":false,"objeto":"","complementar":false,"ementa":"CORRESPOND\u00caNCIA DO MINIST\u00c9RIO DA EDUCA\u00c7\u00c3O ENCAMINHANDO EXEMPLARES DOS ANU\u00c1RIOS DE EXTENS\u00c3O DO IFMG DE 2019 E 2020.","indexacao":"","observacao":"O ANU\u00c1RIO DE EXTENS\u00c3O DO IFMG 2020 ENCONTRA-SE NA ABA \"DOCUMENTO ACESS\u00d3RIO\" E O ANU\u00c1RIO DE 2019 ENCONTRA-SE NO LINK: https://www.ifmg.edu.br/portal/extensao/anuario-de-extensao/edicoes-anteriores.\r\nOS EXEMPLARES ENCAMINHADOS ENCONTRAM-SE DISPON\u00cdVEIS NA BIBLIOTECA DA C\u00c2MARA MUNICIPAL.","resultado":"","texto_original":"http://sapl.conselheirolafaiete.mg.leg.br/media/sapl/public/materialegislativa/2021/6752/correspondencia_do_ministerio_da_educacao.pdf","data_ultima_atualizacao":"2021-09-22T14:27:07.326360-03:00","ip":"200.165.142.130","ultima_edicao":"2021-09-17T08:13:16.066006-03:00","tipo":20,"regime_tramitacao":1,"tipo_origem_externa":null,"local_origem_externa":null,"user":76,"anexadas":[],"autores":[59]}