{"id":8104,"__str__":"Parecer n\u00ba 77 de 2022","link_detail_backend":"/materia/8104","metadata":{},"numero":77,"ano":2022,"numero_protocolo":null,"data_apresentacao":"2022-03-08","tipo_apresentacao":"E","data_publicacao":null,"numero_origem_externa":"","ano_origem_externa":null,"data_origem_externa":null,"apelido":"","dias_prazo":null,"data_fim_prazo":null,"em_tramitacao":true,"polemica":false,"objeto":"","complementar":false,"ementa":"Parecer da Procuradoria do Legislativo \u00e0 Proposta de Emenda \u00e0 Lei Org\u00e2nica 01-E-2022 e Comunicado 039/2022 \u00e0 Comiss\u00e3o de Legisla\u00e7\u00e3o e Justi\u00e7a.","indexacao":"","observacao":"","resultado":"","texto_original":"http://sapl.conselheirolafaiete.mg.leg.br/media/sapl/public/materialegislativa/2022/8104/parecer_da_procuradoria_do_legislativo_a_proposta_de_emenda_a_lei_organica_01e2022_e_comunicado_392022_a_comissao_de_legislacao_e_justica.pdf","data_ultima_atualizacao":"2022-04-07T11:19:54.683153-03:00","ip":"200.165.142.130","ultima_edicao":"2022-03-07T11:51:26.519271-03:00","tipo":11,"regime_tramitacao":1,"tipo_origem_externa":null,"local_origem_externa":null,"user":26,"anexadas":[],"autores":[159]}