{"id":9829,"__str__":"Requerimento n\u00ba 273 de 2022","link_detail_backend":"/materia/9829","metadata":{},"numero":273,"ano":2022,"numero_protocolo":null,"data_apresentacao":"2022-08-23","tipo_apresentacao":"E","data_publicacao":null,"numero_origem_externa":"","ano_origem_externa":null,"data_origem_externa":null,"apelido":"","dias_prazo":null,"data_fim_prazo":null,"em_tramitacao":false,"polemica":false,"objeto":"","complementar":false,"ementa":"O Vereador infra-assinado, nos termos do artigo 196, inciso X, do Regimento Interno, requer, ouvida a Casa, na forma regimental, que Vossa Excel\u00eancia, encaminhe expediente ao Prefeito Municipal, solicitando do mesmo informa\u00e7\u00f5es a respeito da possibilidade da realiza\u00e7\u00e3o do evento de lojistas da Rua Tavares de Meio, em data comemorativa ao dia das crian\u00e7as, no s\u00e1bado dia 08/10/2022, pleiteando a resposta dos seguintes questionamentos: \r\n1- Por quais raz\u00f5es o evento designado para o m\u00eas de Julho n\u00e3o foi autorizado? \r\n2- Sabendo que o evento ocorreria com estruturas montadas do n\u00famero 20 ao 180 da referida rua, n\u00e3o atrapalhando o funcionamento e log\u00edstica do Hospital S\u00e3o Camilo, houve algum estudo para verificar a possibilidade de ocorrer o evento do dia 30 de Julho? 3- H\u00e1 alguma previs\u00e3o para libera\u00e7\u00e3o do evento que est\u00e1 designado para o dia 8 de Outubro? \r\nA necessidade da proposi\u00e7\u00e3o, se faz ap\u00f3s diversos lojistas procurarem esta casa, relatando o cancelamento do evento por ...(CONTINUA).","indexacao":"","observacao":"","resultado":"","texto_original":"http://sapl.conselheirolafaiete.mg.leg.br/media/sapl/public/materialegislativa/2022/9829/requerimento_2732022.pdf","data_ultima_atualizacao":"2022-09-13T11:29:49.427940-03:00","ip":"200.165.142.130","ultima_edicao":"2022-08-23T15:02:08.057892-03:00","tipo":3,"regime_tramitacao":1,"tipo_origem_externa":null,"local_origem_externa":null,"user":78,"anexadas":[10045],"autores":[153]}