{"id":9837,"__str__":"Convite n\u00ba 38 de 2022","link_detail_backend":"/materia/9837","metadata":{},"numero":38,"ano":2022,"numero_protocolo":null,"data_apresentacao":"2022-08-23","tipo_apresentacao":"E","data_publicacao":null,"numero_origem_externa":"","ano_origem_externa":null,"data_origem_externa":null,"apelido":"","dias_prazo":null,"data_fim_prazo":null,"em_tramitacao":true,"polemica":false,"objeto":"","complementar":false,"ementa":"CONVITE DA ASSEMBLEIA LEGISLATIVA DO ESTADO DE MINAS GERAIS E DO TRIBUNAL REGIONAL ELEITORAL DE MINAS GERAIS PARA A CERIM\u00d4NIA DE ASSINATURA DO TERMO DE COOPERA\u00c7\u00c3O ENTRE OS REFERIDOS \u00d3RG\u00c3OS NO DIA 25 DE AGOSTO DE 2022, \u00c0S 10 HORAS.","indexacao":"","observacao":"","resultado":"","texto_original":"http://sapl.conselheirolafaiete.mg.leg.br/media/sapl/public/materialegislativa/2022/9837/convite_da_almg.pdf","data_ultima_atualizacao":"2022-08-23T16:58:59.773232-03:00","ip":"200.165.142.130","ultima_edicao":"2022-08-23T16:55:23.543537-03:00","tipo":19,"regime_tramitacao":1,"tipo_origem_externa":null,"local_origem_externa":null,"user":78,"anexadas":[],"autores":[59]}